{"id":285,"date":"2017-03-27T14:31:19","date_gmt":"2017-03-27T12:31:19","guid":{"rendered":"http:\/\/lewoniewski.info\/blog\/?p=285"},"modified":"2017-03-30T09:24:32","modified_gmt":"2017-03-30T07:24:32","slug":"dni-wige","status":"publish","type":"post","link":"https:\/\/lewoniewski.info\/blog\/2017\/dni-wige\/","title":{"rendered":"Dni Wydzia\u0142u Informatyki i Gospodarki Elektronicznej"},"content":{"rendered":"<p>30-31 marca odb\u0119d\u0105 si\u0119 Dni Wydzia\u0142u Informatyki i Gospodarki Elektronicznej Uniwersytetu Ekonomicznego w Poznaniu. Cz\u0119\u015b\u0107 1: Oblicza WIGE.<br \/>\nCz\u0119\u015b\u0107 2: VII Og\u00f3lnopolska Konferencja Naukowa im. Profesora Zbigniewa Czerwi\u0144skiego &#8222;Matematyka i informatyka na us\u0142ugach ekonomii&#8221;<!--more--><\/p>\n<p>Dzie\u0144 pierwszy 30.03.2017 r. Audytorium C, budynek CEUE.<\/p>\n<h2>Cz\u0119\u015b\u0107 pierwsza \u201eOblicza WIGE\u201d<\/h2>\n<p>9.00 \u2013 9.10<br \/>\nOtwarcie<br \/>\nProrektor ds. Nauki i Wsp\u00f3\u0142pracy z Zagranic\u0105, dr hab. El\u017cbieta Go\u0142ata, prof. nadzw. UEP<br \/>\nDziekan WIGE, prof. dr hab. Krzysztof Malaga, prof. nadzw. UEP<\/p>\n<p>9.10 \u2013 9.35<br \/>\n<strong>\u201eDlaczego powsta\u0142 Wydzia\u0142 Informatyki i Gospodarki Elektronicznej\u201d <\/strong><br \/>\nProf. dr hab. Emil Panek, prof. zw. UEP<\/p>\n<p>9.35\u2013 9.55<br \/>\n<strong>\u201eQuantitative finance na WIGE\u201d<\/strong><br \/>\nProf. dr hab. Ma\u0142gorzata Doman, prof. zw. UEP<\/p>\n<p>9.55 \u2013 10.15<br \/>\n<strong>\u201eSpecjalno\u015b\u0107 e-Biznes modelowym przyk\u0142adem edukacji T-kszta\u0142tnej&#8221;<\/strong><br \/>\nDr hab. in\u017c. Krzysztof Walczak, prof. nadzw. UEP<\/p>\n<p>10.15 \u2013 10.35<br \/>\n<strong>\u201eBadania z udzia\u0142em student\u00f3w nad Internetem Rzeczy&#8221;<\/strong><br \/>\nDr hab. in\u017c. Jarogniew Rykowski, prof. nadzw. UEP<\/p>\n<p>10.35 \u2013 11.00<br \/>\nPrzerwa kawowa<\/p>\n<p>11.00 \u2013 11.40<br \/>\n<strong>Wr\u0119czenie nagr\u00f3d zwyci\u0119zcom zawod\u00f3w okr\u0119gowych Olimpiady Statystycznej. <\/strong><br \/>\nOlimpiada w okr\u0119gu Wojew\u00f3dztwa Wielkopolskiego zosta\u0142a zorganizowana przez Urz\u0105d Statystyczny w Poznaniu oraz PTS we wsp\u00f3\u0142pracy z NBP, w ramach programu edukacji ekonomicznej pod honorowym patronatem:<br \/>\nMinister Edukacji Anny Zalewskiej<br \/>\nWojewody Wielkopolskiego Zbigniewa Hoffmana<br \/>\nMarsza\u0142ka Wojew\u00f3dztwa Wielkopolskiego Marka Wo\u017aniaka<br \/>\nWielkopolskiej Kurator O\u015bwiaty El\u017cbiety Leszczy\u0144skiej<br \/>\nPos\u0142a do Parlamentu Europejskiego Andrzeja Grzyba<br \/>\nESRI Sp. Z.o.o.<\/p>\n<p>11.40 \u2013 12.00<br \/>\n<strong>\u201eDane i informacje \u2013 sk\u0105d je pobiera\u0107, jak je analizowa\u0107 i do czego wykorzysta\u0107?\u201d<\/strong><br \/>\nMgr Milena Str\u00f3\u017cyna<br \/>\n12.00 \u2013 12.20<br \/>\n<strong>\u201eNajkr\u00f3tsza droga przez kolorowy las, czyli kilka s\u0142\u00f3w o grafach\u201d<\/strong><br \/>\nDr Marcin Anholcer<\/p>\n<p>12.20 \u2013 12.40<br \/>\n<strong>\u201eKim s\u0105 eRowcy?\u201d<\/strong><br \/>\nDr Maciej Ber\u0119sewicz<\/p>\n<p>12.40 \u2013 12.50<br \/>\nZamkni\u0119cie<br \/>\nDziekan WIGE, prof. dr hab. Krzysztof Malaga, prof. nadzw. UEP<\/p>\n<p>12.50 \u2013 13.10<br \/>\nWsp\u00f3lne zdj\u0119cie przed wej\u015bciem do CEUE<\/p>\n<div>\n<p><strong><span class=\"&lt;img src=\" title=\"\">KOMITET ORGANIZACYJNY<\/span><\/strong><\/p>\n<p>Przewodnicz\u0105cy:<br \/>\n<span class=\"&lt;img src=\" title=\"\">Dr Marcin Bartkowiak<\/span><\/p>\n<p>Sekretarze:<br \/>\n<span class=\"&lt;img src=\" title=\"\">Paula Go\u0142\u0119biowska (reprezentantka student\u00f3w)<br \/>\nMgr W\u0142odzimierz Lewoniewski (reprezentant doktorant\u00f3w)<\/span><\/p>\n<p>Cz\u0142onkowie:<br \/>\n<span class=\"&lt;img src=\" title=\"\">Mgr Lilianna Czerwi\u0144ska<br \/>\nDr in\u017c. Jakub Floty\u0144ski<br \/>\nDr Przemys\u0142aw Garsztka<br \/>\nDr in\u017c. Anna Lamek<br \/>\nMgr Jan Pietrzak (reprezentant doktorant\u00f3w)<br \/>\nMgr \u0141ukasz Wawrowski (reprezentant doktorant\u00f3w)<\/span><\/p>\n<\/div>\n<h2><strong>Cz\u0119\u015b\u0107 2.<br \/>\n<\/strong><\/h2>\n<p>VII Og\u00f3lnopolska Konferencja Naukowa\u00a0im. prof. Zbigniewa Czerwi\u0144skiego<\/p>\n<p>\u201eMatematyka i Informatyka na Us\u0142ugach Ekonomii\u201d<\/p>\n<p>pod honorowym patronatem JM Rektora UEP prof. dr hab. Macieja \u017bukowskiego, prof. zw. UEP<\/p>\n<p>Wi\u0119cej informacji na stronie: <a href=\"http:\/\/www.konferencja-wige.ue.poznan.pl\/\">konferencja-wige.ue.poznan.pl<\/a><\/p>\n","protected":false},"excerpt":{"rendered":"<p>30-31 marca odb\u0119d\u0105 si\u0119 Dni Wydzia\u0142u Informatyki i Gospodarki Elektronicznej Uniwersytetu Ekonomicznego w Poznaniu. Cz\u0119\u015b\u0107 1: Oblicza WIGE. Cz\u0119\u015b\u0107 2: VII Og\u00f3lnopolska Konferencja Naukowa im. Profesora Zbigniewa Czerwi\u0144skiego &#8222;Matematyka i informatyka na us\u0142ugach ekonomii&#8221;<\/p>\n","protected":false},"author":1,"featured_media":286,"comment_status":"open","ping_status":"open","sticky":false,"template":"","format":"standard","meta":{"footnotes":""},"categories":[1],"tags":[17,4],"class_list":["post-285","post","type-post","status-publish","format-standard","has-post-thumbnail","hentry","category-wiadomosci","tag-poznan","tag-uep"],"_links":{"self":[{"href":"https:\/\/lewoniewski.info\/blog\/wp-json\/wp\/v2\/posts\/285","targetHints":{"allow":["GET"]}}],"collection":[{"href":"https:\/\/lewoniewski.info\/blog\/wp-json\/wp\/v2\/posts"}],"about":[{"href":"https:\/\/lewoniewski.info\/blog\/wp-json\/wp\/v2\/types\/post"}],"author":[{"embeddable":true,"href":"https:\/\/lewoniewski.info\/blog\/wp-json\/wp\/v2\/users\/1"}],"replies":[{"embeddable":true,"href":"https:\/\/lewoniewski.info\/blog\/wp-json\/wp\/v2\/comments?post=285"}],"version-history":[{"count":0,"href":"https:\/\/lewoniewski.info\/blog\/wp-json\/wp\/v2\/posts\/285\/revisions"}],"wp:featuredmedia":[{"embeddable":true,"href":"https:\/\/lewoniewski.info\/blog\/wp-json\/wp\/v2\/media\/286"}],"wp:attachment":[{"href":"https:\/\/lewoniewski.info\/blog\/wp-json\/wp\/v2\/media?parent=285"}],"wp:term":[{"taxonomy":"category","embeddable":true,"href":"https:\/\/lewoniewski.info\/blog\/wp-json\/wp\/v2\/categories?post=285"},{"taxonomy":"post_tag","embeddable":true,"href":"https:\/\/lewoniewski.info\/blog\/wp-json\/wp\/v2\/tags?post=285"}],"curies":[{"name":"wp","href":"https:\/\/api.w.org\/{rel}","templated":true}]}}