{"id":245,"date":"2016-09-02T07:18:47","date_gmt":"2016-09-02T05:18:47","guid":{"rendered":"http:\/\/lewoniewski.info\/blog\/?p=245"},"modified":"2016-11-19T07:25:47","modified_gmt":"2016-11-19T06:25:47","slug":"nowe-wladze-uep","status":"publish","type":"post","link":"https:\/\/lewoniewski.info\/blog\/2016\/nowe-wladze-uep\/","title":{"rendered":"Nowe w\u0142adze UEP"},"content":{"rendered":"<p>Od 1 wrze\u015bnia 2016 roku rozpoczeli swoj\u0105 prac\u0119 nowe wladze Uniwersytetu Ekonomicznego w Poznaniu. Kadencja trwa 4 lata (do 31 sierpnia 2020 roku).<!--more--><\/p>\n<p>Nowy Rektor UEP prof. dr hab. <strong>Maciej \u017bukowski<\/strong><\/p>\n<h2>Prorektorzy UEP na kadencj\u0119 2016\/2017\u20132019\/2020<\/h2>\n<p>Prorektor ds. Nauki i Wsp\u00f3\u0142pracy z Zagranic\u0105<br \/>\ndr hab. <strong>El\u017cbieta Go\u0142ata<\/strong>, prof. nadzw. UEP<\/p>\n<p>Prorektor ds. Edukacji i Student\u00f3w<br \/>\ndr hab. in\u017c. <strong>Anna Gliszczy\u0144ska-\u015awig\u0142o<\/strong>, prof. nadzw. UEP<\/p>\n<p>Prorektor ds. Finans\u00f3w i Rozwoju (w miejsce Prorektora ds. Strategii i Rozwoju)<br \/>\ndr hab. <strong>S\u0142awomir Kalinowski<\/strong>, prof. nadzw. UEP<\/p>\n<h2>W\u0142adze wydzia\u0142owe na kadencj\u0119 2016\/2017\u20132019\/2020<\/h2>\n<h3>Wydzia\u0142 Ekonomii<\/h3>\n<p>Dziekan<br \/>\ndr hab. <strong>Kamilla Marchewka-Bartkowiak<\/strong>, prof. nadzw. UEP<\/p>\n<p>Prodziekan ds. studi\u00f3w I stopnia<br \/>\ndr hab. <strong>Halina Zboro\u0144<\/strong>, prof. nadzw. UEP<\/p>\n<p>Prodziekan ds. studi\u00f3w II stopnia<br \/>\ndr hab. <strong>Pawe\u0142 Marsza\u0142ek<\/strong>, prof. nadzw. UEP<\/p>\n<h3>Wydzia\u0142 Gospodarki Mi\u0119dzynarodowej<\/h3>\n<p>Dziekan<br \/>\ndr hab. <strong>Maciej Szymczak<\/strong>, prof. nadzw. UEP<\/p>\n<p>Prodziekan<br \/>\ndr hab. <strong>Ewa Mi\u0144ska-Struzik<\/strong>, prof. nadzw. UEP<\/p>\n<h3>Wydzia\u0142 Informatyki i Gospodarki Elektronicznej<\/h3>\n<p>Dziekan<br \/>\ndr hab. <strong>Krzysztof Malaga<\/strong>, prof. nadzw. UEP<\/p>\n<p>Prodziekan<br \/>\ndr hab. <strong>El\u017cbieta Rych\u0142owska-Musia\u0142<\/strong><\/p>\n<h3>Wydzia\u0142 Towaroznawstwa<\/h3>\n<p>Dziekan<br \/>\nprof. dr hab. in\u017c. <strong>Ryszard Zieli\u0144ski<\/strong>, prof. zw. UEP<\/p>\n<p>Prodziekan<br \/>\ndr hab. in\u017c. <strong>Alina Matuszak-Flejszman<\/strong>, prof. nadzw. UEP<\/p>\n<h3>Wydzia\u0142 Zarz\u0105dzania<\/h3>\n<p>Dziekan<br \/>\nprof. dr hab. <strong>Kazimierz Krzakiewicz<\/strong>, prof. zw. UEP<\/p>\n<p>Prodziekan ds. studi\u00f3w stacjonarnych<br \/>\ndr hab. <strong>Piotr Bartkowiak<\/strong>, prof. nadzw. UEP<\/p>\n<p>Prodziekan ds. studi\u00f3w niestacjonarnych<br \/>\ndr hab. <strong>Zygmunt Wa\u015bkowski<\/strong>, prof. nadzw. UEP<\/p>\n","protected":false},"excerpt":{"rendered":"<p>Od 1 wrze\u015bnia 2016 roku rozpoczeli swoj\u0105 prac\u0119 nowe wladze Uniwersytetu Ekonomicznego w Poznaniu. Kadencja trwa 4 lata (do 31 sierpnia 2020 roku).<\/p>\n","protected":false},"author":1,"featured_media":0,"comment_status":"open","ping_status":"open","sticky":false,"template":"","format":"standard","meta":{"footnotes":""},"categories":[1],"tags":[],"class_list":["post-245","post","type-post","status-publish","format-standard","hentry","category-wiadomosci"],"_links":{"self":[{"href":"https:\/\/lewoniewski.info\/blog\/wp-json\/wp\/v2\/posts\/245","targetHints":{"allow":["GET"]}}],"collection":[{"href":"https:\/\/lewoniewski.info\/blog\/wp-json\/wp\/v2\/posts"}],"about":[{"href":"https:\/\/lewoniewski.info\/blog\/wp-json\/wp\/v2\/types\/post"}],"author":[{"embeddable":true,"href":"https:\/\/lewoniewski.info\/blog\/wp-json\/wp\/v2\/users\/1"}],"replies":[{"embeddable":true,"href":"https:\/\/lewoniewski.info\/blog\/wp-json\/wp\/v2\/comments?post=245"}],"version-history":[{"count":0,"href":"https:\/\/lewoniewski.info\/blog\/wp-json\/wp\/v2\/posts\/245\/revisions"}],"wp:attachment":[{"href":"https:\/\/lewoniewski.info\/blog\/wp-json\/wp\/v2\/media?parent=245"}],"wp:term":[{"taxonomy":"category","embeddable":true,"href":"https:\/\/lewoniewski.info\/blog\/wp-json\/wp\/v2\/categories?post=245"},{"taxonomy":"post_tag","embeddable":true,"href":"https:\/\/lewoniewski.info\/blog\/wp-json\/wp\/v2\/tags?post=245"}],"curies":[{"name":"wp","href":"https:\/\/api.w.org\/{rel}","templated":true}]}}